{"id":2996,"date":"2026-04-22T19:51:03","date_gmt":"2026-04-22T19:51:03","guid":{"rendered":"https:\/\/comentariosparalareuniontj.com\/faca-seu-melhor-no-ministerio-semana-de-4-a-10-de-maio-de-2026\/"},"modified":"2026-04-24T07:28:05","modified_gmt":"2026-04-24T07:28:05","slug":"faca-seu-melhor-no-ministerio-semana-de-4-a-10-de-maio-de-2026","status":"publish","type":"post","link":"https:\/\/comentariosparalareuniontj.com\/pt-br\/faca-seu-melhor-no-ministerio-semana-de-4-a-10-de-maio-de-2026\/","title":{"rendered":"Fa\u00e7a seu melhor no minist\u00e9rio \u2014 Semana de 4 a 10 de maio de 2026"},"content":{"rendered":"\n<figure class=\"wp-block-embed is-type-video is-provider-youtube wp-block-embed-youtube wp-embed-aspect-16-9 wp-has-aspect-ratio\"><div class=\"wp-block-embed__wrapper\">\n<iframe title=\"SEAMOS MEJORES MAESTROS | Semana del 4 al 10 de Mayo de 2026 (todas las asignaciones)\" width=\"500\" height=\"281\" src=\"https:\/\/www.youtube.com\/embed\/8i3fV0npsVQ?feature=oembed\" frameborder=\"0\" allow=\"accelerometer; autoplay; clipboard-write; encrypted-media; gyroscope; picture-in-picture; web-share\" referrerpolicy=\"strict-origin-when-cross-origin\" allowfullscreen><\/iframe>\n<\/div><\/figure>\n\n<h1 class=\"wp-block-heading\"><strong>INICIE CONVERSAS<\/strong><\/h1>\n\n<p class=\"wp-block-paragraph\"><strong>Dura\u00e7\u00e3o:<\/strong> 3 minutos<br\/><strong>Em:<\/strong> De casa em casa<br\/><strong>Objetivo:<\/strong> Use um tratado para iniciar uma conversa<br\/><strong>Li\u00e7\u00e3o:<\/strong> Interesse sincero<br\/><strong>Texto b\u00edblico:<\/strong> Mateus 19:4-6<\/p>\n\n<h2 class=\"wp-block-heading\"><strong>Encena\u00e7\u00e3o<\/strong><\/h2>\n\n<p class=\"wp-block-paragraph\"><strong>Elena (Publicador(a)):<\/strong> Bom dia. Estamos fazendo visitas bem breves e hoje estamos deixando esta pergunta, que muitas pessoas acham muito importante: <strong>\u201cComo podemos ter uma fam\u00edlia feliz?\u201d<\/strong>. N\u00e3o vou tomar mais do que um momento do seu tempo.<\/p>\n\n<p class=\"wp-block-paragraph\"><strong>Marta (Pessoa):<\/strong> Bem\u2026 a pergunta \u00e9 boa, mas, para ser sincera, hoje essa ideia de fam\u00edlia feliz parece um pouco idealista, n\u00e3o acha?<\/p>\n\n<p class=\"wp-block-paragraph\"><strong>Elena (Publicador(a)):<\/strong> Sim, muitas pessoas veem assim. E a verdade \u00e9 que eu entendo, porque hoje existe muita press\u00e3o em casa: trabalho, hor\u00e1rios, problemas econ\u00f4micos\u2026 N\u00e3o \u00e9 estranho que alguns pensem que uma fam\u00edlia feliz \u00e9 quase imposs\u00edvel.<br\/>A senhora pensa assim pelo que observa, ou por experi\u00eancia pr\u00f3pria?<\/p>\n\n<p class=\"wp-block-paragraph\"><strong>Marta (Pessoa):<\/strong> Pelas duas coisas. A gente v\u00ea muitas pessoas ao redor com problemas, separa\u00e7\u00f5es, filhos em conflito com os pais\u2026 e no fim acaba pensando que manter uma fam\u00edlia unida n\u00e3o depende s\u00f3 de querer.<\/p>\n\n<p class=\"wp-block-paragraph\"><strong>Elena (Publicador(a)):<\/strong> Claro, a senhora tem raz\u00e3o. S\u00f3 boas inten\u00e7\u00f5es n\u00e3o bastam. \u00c9 preciso algo que realmente ajude a manter a uni\u00e3o quando surgem os problemas. E \u00e9 por isso que eu gosto deste assunto, porque a B\u00edblia n\u00e3o apresenta a fam\u00edlia como algo perfeito ou sem dificuldades. Pelo contr\u00e1rio, ela d\u00e1 princ\u00edpios que ajudam a sustent\u00e1-la.<\/p>\n\n<p class=\"wp-block-paragraph\"><strong>Marta (Pessoa):<\/strong> Sim\u2026 mas a\u00ed est\u00e1 a quest\u00e3o. Muita gente diz que a B\u00edblia d\u00e1 conselhos, mas depois a vida real vai por outro caminho.<\/p>\n\n<p class=\"wp-block-paragraph\"><strong>Elena (Publicador(a)):<\/strong> Sim, essa \u00e9 uma obje\u00e7\u00e3o bastante comum. Mas veja, justamente porque a vida real \u00e9 complicada, precisamos de princ\u00edpios s\u00f3lidos. Por exemplo, este tratado destaca uma ideia muito importante sobre o casamento. Se n\u00e3o se importar, vou ler um texto bem curto.<\/p>\n\n<p class=\"wp-block-paragraph\"><strong>Marta (Pessoa):<\/strong> Sim, pode falar.<\/p>\n\n<p class=\"wp-block-paragraph\"><strong>Elena (Publicador(a)):<\/strong> Em <strong>Mateus 19:4-6<\/strong>, Jesus falou sobre o casamento e no final disse: <strong>\u201cO que Deus p\u00f4s sob o mesmo jugo, o homem n\u00e3o deve separar.\u201d<\/strong><br\/>Eu gosto muito dessa frase porque mostra que o casamento n\u00e3o deveria ser visto como algo provis\u00f3rio ou sem valor, mas como uma uni\u00e3o s\u00e9ria que merece cuidado.<\/p>\n\n<p class=\"wp-block-paragraph\"><strong>Marta (Pessoa):<\/strong> Entendo, mas o problema \u00e9 que hoje muitos casais come\u00e7am muito convencidos e depois a conviv\u00eancia vai desgastando a rela\u00e7\u00e3o. Nem sempre \u00e9 falta de respeito ou de compromisso. \u00c0s vezes a rela\u00e7\u00e3o simplesmente se rompe.<\/p>\n\n<p class=\"wp-block-paragraph\"><strong>Elena (Publicador(a)):<\/strong> \u00c9 verdade. E a B\u00edblia n\u00e3o nega que isso aconte\u00e7a. Mas ela ajuda a entender algo importante: quando uma uni\u00e3o \u00e9 cuidada como algo valioso, as pessoas se esfor\u00e7am mais para proteg\u00ea-la, n\u00e3o a tratam como algo descart\u00e1vel.<br\/>Isso n\u00e3o significa que nunca haver\u00e1 problemas, mas sim que eles s\u00e3o enfrentados de outra maneira.<\/p>\n\n<p class=\"wp-block-paragraph\"><strong>Marta (Pessoa):<\/strong> Acho que sim. Mas, mesmo assim, muitas pessoas n\u00e3o acreditam em Deus e tamb\u00e9m tentam cuidar da fam\u00edlia.<\/p>\n\n<p class=\"wp-block-paragraph\"><strong>Elena (Publicador(a)):<\/strong> Claro, e isso \u00e9 verdade. H\u00e1 pessoas que, mesmo n\u00e3o acreditando em Deus, valorizam a fidelidade, o respeito e a estabilidade familiar. Mas justamente isso confirma que os princ\u00edpios da B\u00edblia s\u00e3o bons, porque at\u00e9 quem n\u00e3o se considera religioso reconhece que essas qualidades fortalecem uma fam\u00edlia.<\/p>\n\n<p class=\"wp-block-paragraph\"><strong>Marta (Pessoa):<\/strong> Vendo por esse lado\u2026 faz sentido.<\/p>\n\n<p class=\"wp-block-paragraph\"><strong>Elena (Publicador(a)):<\/strong> Exatamente. A ideia n\u00e3o \u00e9 discutir, mas pensar em que base pode realmente ajudar uma fam\u00edlia a continuar unida. E a B\u00edblia, longe de piorar as coisas, promove respeito, lealdade e compromisso.<\/p>\n\n<p class=\"wp-block-paragraph\"><strong>Marta (Pessoa):<\/strong> Sim, pelo menos s\u00e3o valores necess\u00e1rios, isso \u00e9 claro.<\/p>\n\n<p class=\"wp-block-paragraph\"><strong>Elena (Publicador(a)):<\/strong> Fico feliz que veja assim. Vou deixar o tratado com a senhora. Ele \u00e9 breve, mas apresenta essa mesma pergunta: <strong>como ter uma fam\u00edlia feliz<\/strong>. E, se quiser, outro dia passo por aqui e comentamos outro princ\u00edpio b\u00edblico bem pr\u00e1tico para haver mais paz e menos tens\u00e3o em casa.<\/p>\n\n<p class=\"wp-block-paragraph\"><strong>Marta (Pessoa):<\/strong> Bem, sim, pode deixar. Vou dar uma olhada.<\/p>\n\n<p class=\"wp-block-paragraph\"><strong>Elena (Publicador(a)):<\/strong> Perfeito. Muito obrigada pelo seu tempo.<\/p>\n\n<hr class=\"wp-block-separator has-alpha-channel-opacity\"\/>\n\n<h1 class=\"wp-block-heading\"><strong>INICIE CONVERSAS<\/strong><\/h1>\n\n<p class=\"wp-block-paragraph\"><strong>Dura\u00e7\u00e3o:<\/strong> 4 minutos reais<br\/><strong>Em:<\/strong> Prega\u00e7\u00e3o informal<br\/><strong>Objetivo:<\/strong> Use uma das verdades do ap\u00eandice A da brochura <em>Uma Obra de Amor<\/em><em><br\/><\/em><strong>Li\u00e7\u00e3o:<\/strong> Naturalidade<br\/><strong>Texto b\u00edblico:<\/strong> Mateus 24:7, 8<\/p>\n\n<h2 class=\"wp-block-heading\"><strong>Encena\u00e7\u00e3o<\/strong><\/h2>\n\n<p class=\"wp-block-paragraph\"><strong>Elena (Publicador(a)):<\/strong> Sabe? Por essa raz\u00e3o eu n\u00e3o costumo ver as not\u00edcias ou ouvir r\u00e1dio, pelo menos n\u00e3o todos os dias. Sempre se fala de not\u00edcias de guerra ou de desastres. Ultimamente parece que n\u00e3o passa uma semana sem acontecer algo grave.<\/p>\n\n<p class=\"wp-block-paragraph\"><strong>Marta (Pessoa):<\/strong> Sim, \u00e9 verdade, vamos mudar de canal enquanto terminamos\u2026 \u00c9 que, entre guerras, terremotos, problemas econ\u00f4micos e tanta viol\u00eancia, a gente j\u00e1 nem sabe o que pensar. Parece que o mundo est\u00e1 cada vez pior.<\/p>\n\n<p class=\"wp-block-paragraph\"><strong>Elena (Publicador(a)):<\/strong> Sim, muita gente sente isso. E \u00e9 normal. \u00c0s vezes a pessoa tenta n\u00e3o pensar muito nisso, mas no fim tanta not\u00edcia ruim pesa. Principalmente porque d\u00e1 a impress\u00e3o de que n\u00e3o h\u00e1 solu\u00e7\u00e3o.<\/p>\n\n<p class=\"wp-block-paragraph\"><strong>Marta (Pessoa):<\/strong> Exato. Esse \u00e9 o problema. N\u00e3o \u00e9 s\u00f3 que aconte\u00e7am coisas ruins, \u00e9 que parece que elas j\u00e1 fazem parte do normal. E isso desanima bastante.<\/p>\n\n<p class=\"wp-block-paragraph\"><strong>Elena (Publicador(a)):<\/strong> Sim. Foi justamente por isso que um texto da B\u00edblia me chamou muito a aten\u00e7\u00e3o. Ele fala de uma situa\u00e7\u00e3o assim. N\u00e3o diz isso para assustar, mas para nos ajudar a entender que essas coisas n\u00e3o significam que tudo est\u00e1 perdido.<\/p>\n\n<p class=\"wp-block-paragraph\"><strong>Marta (Pessoa):<\/strong> Bem\u2026 n\u00e3o sei. Para ser sincera, eu tenho dificuldade de pensar que a B\u00edblia explique o que acontece hoje. No fim das contas, sempre houve guerras.<\/p>\n\n<p class=\"wp-block-paragraph\"><strong>Elena (Publicador(a)):<\/strong> Sim, isso \u00e9 verdade. Sempre houve guerras. Mas veja como Jesus falou sobre isso. Em <strong>Mateus 24:7 e 8<\/strong>, ele disse: <strong>\u201cNa\u00e7\u00e3o se levantar\u00e1 contra na\u00e7\u00e3o e reino contra reino, e haver\u00e1 falta de alimentos e terremotos num lugar ap\u00f3s outro. Todas essas coisas s\u00e3o um princ\u00edpio das dores de afli\u00e7\u00e3o.\u201d<\/strong><\/p>\n\n<p class=\"wp-block-paragraph\"><strong>Marta (Pessoa):<\/strong> Sim, mas mesmo assim algu\u00e9m poderia dizer que isso tamb\u00e9m aconteceu em outras \u00e9pocas.<\/p>\n\n<p class=\"wp-block-paragraph\"><strong>Elena (Publicador(a)):<\/strong> Claro, e por isso n\u00e3o se trata de olhar apenas para uma coisa isolada. O que chama aten\u00e7\u00e3o \u00e9 o conjunto: guerras, escassez, terremotos, instabilidade\u2026 tudo se acumulando e afetando tantas pessoas ao mesmo tempo. E n\u00e3o \u00e9 s\u00f3 isso. A B\u00edblia tamb\u00e9m falou de como seria a atitude de muitas pessoas nestes tempos: mais ego\u00edsmo, menos afei\u00e7\u00e3o natural, menos perseveran\u00e7a. Ou seja, n\u00e3o \u00e9 uma \u00fanica evid\u00eancia, mas v\u00e1rias coisas se encaixando.<\/p>\n\n<p class=\"wp-block-paragraph\"><strong>Marta (Pessoa):<\/strong> Bem, isso \u00e9 verdade. As pessoas est\u00e3o cada vez mais agitadas e mais ego\u00edstas. Mas, mesmo assim, n\u00e3o sei se isso prova que em breve tudo vai melhorar.<\/p>\n\n<p class=\"wp-block-paragraph\"><strong>Elena (Publicador(a)):<\/strong> Entendo a d\u00favida. Porque, visto de fora, algu\u00e9m poderia pensar exatamente o contr\u00e1rio: \u201cse tudo est\u00e1 piorando, ent\u00e3o o futuro parece pior\u201d. Mas a ideia da B\u00edblia \u00e9 diferente. Jesus explicou essas coisas como um sinal. Ou seja, n\u00e3o como prova de que n\u00e3o h\u00e1 sa\u00edda, mas como prova de que estamos perto de uma mudan\u00e7a.<\/p>\n\n<p class=\"wp-block-paragraph\"><strong>Marta (Pessoa):<\/strong> E por que algo t\u00e3o ruim seria um bom sinal?<\/p>\n\n<p class=\"wp-block-paragraph\"><strong>Elena (Publicador(a)):<\/strong> Vou dar um exemplo simples. Quando uma pessoa v\u00ea nuvens escuras, vento forte e o c\u00e9u cada vez mais carregado, entende que uma tempestade est\u00e1 chegando. Ela n\u00e3o gosta da tempestade, claro, mas esses sinais indicam em que momento ela est\u00e1.<br\/>Jesus fez algo parecido: explicou o que ver\u00edamos para sabermos que este sistema n\u00e3o continuaria igual para sempre.<\/p>\n\n<p class=\"wp-block-paragraph\"><strong>Marta (Pessoa):<\/strong> Entendi\u2026 ou seja, voc\u00ea v\u00ea isso mais como um aviso com esperan\u00e7a, n\u00e3o como uma mensagem pessimista.<\/p>\n\n<p class=\"wp-block-paragraph\"><strong>Elena (Publicador(a)):<\/strong> Exatamente. E \u00e9 disso que eu gosto. A B\u00edblia n\u00e3o ignora o que est\u00e1 acontecendo nem diz que estamos exagerando. Pelo contr\u00e1rio, reconhece que vivemos tempos dif\u00edceis. Mas acrescenta algo muito importante: essas coisas n\u00e3o significam que Deus se esqueceu de n\u00f3s. Na verdade, s\u00e3o uma prova de que em breve ele vai agir.<\/p>\n\n<p class=\"wp-block-paragraph\"><strong>Marta (Pessoa):<\/strong> Claro, mas \u00e9 a\u00ed que muitos dizem: \u201cse Deus vai agir, por que ainda n\u00e3o fez isso?\u201d.<\/p>\n\n<p class=\"wp-block-paragraph\"><strong>Elena (Publicador(a)):<\/strong> Sim, essa \u00e9 uma pergunta muito razo\u00e1vel. E a B\u00edblia tamb\u00e9m responde a ela. N\u00e3o \u00e9 porque Deus seja indiferente, mas porque ele tem um tempo fixado para acabar com tudo isso de maneira definitiva. Enquanto isso, ele nos deixou sinais para n\u00e3o pensarmos que a situa\u00e7\u00e3o saiu do seu controle.<\/p>\n\n<p class=\"wp-block-paragraph\"><strong>Marta (Pessoa):<\/strong> Bem, explicado assim soa diferente. Eu sempre tinha ouvido isso como mensagens de medo, n\u00e3o de esperan\u00e7a.<\/p>\n\n<p class=\"wp-block-paragraph\"><strong>Elena (Publicador(a)):<\/strong> E eu entendo voc\u00ea, porque \u00e0s vezes \u00e9 apresentado assim. Mas a ideia b\u00edblica n\u00e3o \u00e9 causar medo. \u00c9 dizer \u00e0 pessoa: \u201csim, o mundo est\u00e1 mal, mas isso n\u00e3o vai durar para sempre\u201d.<br\/>Por isso, para mim, essa \u00e9 uma verdade muito consoladora: <strong>as coisas ruins que est\u00e3o acontecendo e a maneira de agir das pessoas s\u00e3o uma prova de que em breve tudo vai melhorar<\/strong>.<\/p>\n\n<p class=\"wp-block-paragraph\"><strong>Marta (Pessoa):<\/strong> Para ser sincera, vendo assim, a perspectiva muda bastante.<\/p>\n\n<p class=\"wp-block-paragraph\"><strong>Elena (Publicador(a)):<\/strong> Fico feliz. E o bonito \u00e9 que a B\u00edblia n\u00e3o se limita a dizer que tempos melhores vir\u00e3o; ela tamb\u00e9m explica como ser\u00e1 esse futuro. Fala de paz, seguran\u00e7a e do fim do sofrimento.<\/p>\n\n<p class=\"wp-block-paragraph\"><strong>Marta (Pessoa):<\/strong> Pois isso sim eu gostaria de entender melhor, porque com tantas not\u00edcias ruins a gente precisa de uma esperan\u00e7a de verdade.<\/p>\n\n<p class=\"wp-block-paragraph\"><strong>Elena (Publicador(a)):<\/strong> Fico feliz. Se quiser, outro dia mostro um texto bem breve que responde exatamente a esta pergunta: <strong>o que Deus far\u00e1 para mudar as coisas e por que podemos ter certeza disso<\/strong>.<\/p>\n\n<p class=\"wp-block-paragraph\"><strong>Marta (Pessoa):<\/strong> Sim, eu gostaria de ver isso.<\/p>\n\n<p class=\"wp-block-paragraph\"><strong>Elena (Publicador(a)):<\/strong> Perfeito.<\/p>\n\n<hr class=\"wp-block-separator has-alpha-channel-opacity\"\/>\n\n<h1 class=\"wp-block-heading\"><strong>DISCURSO<\/strong><\/h1>\n\n<p class=\"wp-block-paragraph\"><strong>Dura\u00e7\u00e3o:<\/strong> 5 minutos<br\/><strong>Em:<\/strong> Audit\u00f3rio<br\/><strong>T\u00edtulo:<\/strong> <strong>Devemos orar com frequ\u00eancia<\/strong><strong><br\/><\/strong><strong>Li\u00e7\u00e3o:<\/strong> Ensinar com exemplos<\/p>\n\n<h2 class=\"wp-block-heading\"><strong>Discurso<\/strong><\/h2>\n\n<p class=\"wp-block-paragraph\">Todos entendemos que a ora\u00e7\u00e3o \u00e9 importante. Sabemos que Jeov\u00e1 quer que oremos a ele, e tamb\u00e9m sabemos que a ora\u00e7\u00e3o nos ajuda. Mas uma coisa \u00e9 reconhecer que a ora\u00e7\u00e3o \u00e9 importante; outra bem diferente \u00e9 nos perguntar: <strong>estou orando com a frequ\u00eancia que deveria?<\/strong><\/p>\n\n<p class=\"wp-block-paragraph\">Jesus deixou a resposta muito clara. Em <strong>Mateus 7:7, 8<\/strong>, ele disse: <strong>\u201cPersistam em pedir, e lhes ser\u00e1 dado; persistam em buscar, e achar\u00e3o; persistam em bater, e lhes ser\u00e1 aberto. Pois todo aquele que pede recebe, e todo aquele que busca acha, e a todo aquele que bate, se abrir\u00e1.\u201d<\/strong><strong><br\/><\/strong>Observemos bem como ele disse isso. Jesus n\u00e3o falou de pedir uma vez e pronto. Tamb\u00e9m n\u00e3o falou de bater uma \u00fanica vez \u00e0 porta e ir embora. Ele falou de continuar pedindo, continuar buscando, continuar batendo. Isso transmite const\u00e2ncia, insist\u00eancia e frequ\u00eancia.<\/p>\n\n<p class=\"wp-block-paragraph\">Para entender melhor, pensemos num exemplo simples. Imaginemos um filho que ama muito seu pai, mas que s\u00f3 fala com ele quando tem um problema grave. Nunca conta como se sente, nunca agradece, nunca fala de suas alegrias nem de suas pequenas preocupa\u00e7\u00f5es. Dir\u00edamos que essa rela\u00e7\u00e3o \u00e9 pr\u00f3xima? Provavelmente n\u00e3o. Embora exista carinho, faltaria comunica\u00e7\u00e3o constante.<br\/>Com Jeov\u00e1 acontece algo parecido. Se s\u00f3 oramos a ele quando nos sentimos abatidos ou quando precisamos de algo urgente, continuamos tendo uma rela\u00e7\u00e3o com ele, claro que sim. Mas essa rela\u00e7\u00e3o n\u00e3o se fortalece tanto quanto poderia. Por outro lado, quando falamos com ele com frequ\u00eancia, a amizade fica mais profunda.<\/p>\n\n<p class=\"wp-block-paragraph\">Por isso tamb\u00e9m \u00e9 t\u00e3o direto o que diz <strong>1 Tessalonicenses 5:17<\/strong>: <strong>\u201cOrem constantemente.\u201d<\/strong> Isso n\u00e3o significa estar pronunciando palavras de ora\u00e7\u00e3o a cada segundo do dia. Significa manter uma atitude de ora\u00e7\u00e3o, recorrer a Jeov\u00e1 vez ap\u00f3s vez, fazer da ora\u00e7\u00e3o algo habitual, n\u00e3o algo ocasional.<\/p>\n\n<p class=\"wp-block-paragraph\">Pensemos em outro exemplo. Nosso corpo n\u00e3o consegue se manter forte se bebemos \u00e1gua s\u00f3 de vez em quando, uma vez a cada muitos dias. Precisamos nos hidratar regularmente. Do mesmo modo, a espiritualidade n\u00e3o se mant\u00e9m forte com ora\u00e7\u00f5es espor\u00e1dicas. Precisamos recorrer a Jeov\u00e1 com frequ\u00eancia para receber for\u00e7as, calma e orienta\u00e7\u00e3o.<\/p>\n\n<p class=\"wp-block-paragraph\">E isso faz muito sentido, porque a vida di\u00e1ria n\u00e3o para de apresentar situa\u00e7\u00f5es. \u00c0s vezes precisamos de ajuda para controlar uma preocupa\u00e7\u00e3o. Outras vezes precisamos de sabedoria para tomar uma decis\u00e3o. Em outras ocasi\u00f5es queremos agradecer por algo bom que aconteceu. Tamb\u00e9m h\u00e1 momentos em que precisamos pedir perd\u00e3o, ou for\u00e7as para suportar uma prova\u00e7\u00e3o, ou ajuda para falar com algu\u00e9m no minist\u00e9rio. Se tudo isso faz parte do dia a dia, n\u00e3o \u00e9 l\u00f3gico que a ora\u00e7\u00e3o tamb\u00e9m fa\u00e7a parte do dia a dia?<\/p>\n\n<p class=\"wp-block-paragraph\">Al\u00e9m disso, orar com frequ\u00eancia nos protege de um perigo espiritual: come\u00e7ar a confiar demais em nossas pr\u00f3prias for\u00e7as. Quando uma pessoa deixa passar muito tempo sem orar, pouco a pouco pode come\u00e7ar a agir como se pudesse carregar seus fardos sozinha. Talvez n\u00e3o pense isso abertamente, mas na pr\u00e1tica \u00e9 isso que acontece. Por outro lado, a ora\u00e7\u00e3o frequente nos lembra de uma verdade muito importante: precisamos de Jeov\u00e1. N\u00e3o apenas nas grandes prova\u00e7\u00f5es, mas em tudo.<\/p>\n\n<p class=\"wp-block-paragraph\">E aqui h\u00e1 algo muito bonito. Jeov\u00e1 nunca se cansa de nos ouvir. \u00c0s vezes, entre humanos, ficamos com receio de repetir muito uma preocupa\u00e7\u00e3o, com medo de incomodar. Mas Jeov\u00e1 n\u00e3o \u00e9 assim. Jesus nos incentivou a continuar pedindo, continuar buscando e continuar batendo justamente porque Jeov\u00e1 escuta com interesse. Ele se importa com o que sentimos. Ele se importa com o que pensamos. Ele se importa at\u00e9 com aquelas coisas que talvez outras pessoas considerassem pequenas.<\/p>\n\n<p class=\"wp-block-paragraph\">Pensemos numa irm\u00e3 que come\u00e7a o dia com uma ora\u00e7\u00e3o breve antes de sair de casa. Depois, ao enfrentar uma situa\u00e7\u00e3o tensa no trabalho, volta a orar em sil\u00eancio pedindo calma. Mais tarde, antes de uma conversa importante, pede a Jeov\u00e1 tato e sabedoria. No fim do dia, agradece por ele t\u00ea-la ajudado. Essa irm\u00e3 n\u00e3o fez nada extraordin\u00e1rio. Ela simplesmente viveu o dia acompanhada por Jeov\u00e1. E isso muda muito as coisas.<\/p>\n\n<p class=\"wp-block-paragraph\">Pensemos tamb\u00e9m no minist\u00e9rio. Como nos ajuda orar antes de sair, antes de bater numa porta, antes de iniciar uma conversa informal ou depois de uma boa experi\u00eancia! \u00c9 como ir de m\u00e3os dadas com Jeov\u00e1. N\u00e3o confiamos apenas em nossa capacidade de falar ou de raciocinar. Queremos que ele nos dirija e nos d\u00ea as palavras certas.<\/p>\n\n<p class=\"wp-block-paragraph\">Assim, irm\u00e3os, <strong>devemos orar com frequ\u00eancia<\/strong> porque a ora\u00e7\u00e3o n\u00e3o \u00e9 apenas um recurso para emerg\u00eancias. \u00c9 uma parte essencial da nossa amizade com Jeov\u00e1. Ela nos aproxima dele, nos lembra o quanto precisamos dele e nos ajuda a continuar espiritualmente fortes.Por isso, ao pensar nas palavras de Jesus: <strong>\u201cPersistam em pedir, persistam em buscar, persistam em bater\u201d<\/strong>, far\u00edamos bem em nos perguntar: <strong>eu s\u00f3 oro quando estou apertado, ou estou fazendo da ora\u00e7\u00e3o uma parte constante da minha vida?<\/strong><strong><br\/><\/strong>Se a transformarmos em algo frequente, n\u00e3o apenas receberemos ajuda. Tamb\u00e9m sentiremos Jeov\u00e1 cada vez mais perto. E n\u00e3o h\u00e1 nada que nos fortale\u00e7a mais do que isso.<\/p>\n","protected":false},"excerpt":{"rendered":"<p>INICIE CONVERSAS Dura\u00e7\u00e3o: 3 minutosEm: De casa em casaObjetivo: Use um tratado para iniciar uma conversaLi\u00e7\u00e3o: Interesse sinceroTexto b\u00edblico: Mateus 19:4-6 Encena\u00e7\u00e3o Elena (Publicador(a)): Bom dia. Estamos fazendo visitas bem breves e hoje estamos deixando esta pergunta, que muitas pessoas acham muito importante: \u201cComo podemos ter uma fam\u00edlia feliz?\u201d. N\u00e3o vou tomar mais do que [&hellip;]<\/p>\n","protected":false},"author":2,"featured_media":2982,"comment_status":"open","ping_status":"open","sticky":false,"template":"","format":"standard","meta":{"_crdt_document":"","_uag_custom_page_level_css":"","site-sidebar-layout":"default","site-content-layout":"","ast-site-content-layout":"default","site-content-style":"default","site-sidebar-style":"default","ast-global-header-display":"","ast-banner-title-visibility":"","ast-main-header-display":"","ast-hfb-above-header-display":"","ast-hfb-below-header-display":"","ast-hfb-mobile-header-display":"","site-post-title":"","ast-breadcrumbs-content":"","ast-featured-img":"","footer-sml-layout":"","ast-disable-related-posts":"","theme-transparent-header-meta":"","adv-header-id-meta":"","stick-header-meta":"","header-above-stick-meta":"","header-main-stick-meta":"","header-below-stick-meta":"","astra-migrate-meta-layouts":"default","ast-page-background-enabled":"default","ast-page-background-meta":{"desktop":{"background-color":"","background-image":"","background-repeat":"repeat","background-position":"center center","background-size":"auto","background-attachment":"scroll","background-type":"","background-media":"","overlay-type":"","overlay-color":"","overlay-opacity":"","overlay-gradient":""},"tablet":{"background-color":"","background-image":"","background-repeat":"repeat","background-position":"center center","background-size":"auto","background-attachment":"scroll","background-type":"","background-media":"","overlay-type":"","overlay-color":"","overlay-opacity":"","overlay-gradient":""},"mobile":{"background-color":"","background-image":"","background-repeat":"repeat","background-position":"center center","background-size":"auto","background-attachment":"scroll","background-type":"","background-media":"","overlay-type":"","overlay-color":"","overlay-opacity":"","overlay-gradient":""}},"ast-content-background-meta":{"desktop":{"background-color":"var(--ast-global-color-5)","background-image":"","background-repeat":"repeat","background-position":"center center","background-size":"auto","background-attachment":"scroll","background-type":"","background-media":"","overlay-type":"","overlay-color":"","overlay-opacity":"","overlay-gradient":""},"tablet":{"background-color":"var(--ast-global-color-5)","background-image":"","background-repeat":"repeat","background-position":"center center","background-size":"auto","background-attachment":"scroll","background-type":"","background-media":"","overlay-type":"","overlay-color":"","overlay-opacity":"","overlay-gradient":""},"mobile":{"background-color":"var(--ast-global-color-5)","background-image":"","background-repeat":"repeat","background-position":"center center","background-size":"auto","background-attachment":"scroll","background-type":"","background-media":"","overlay-type":"","overlay-color":"","overlay-opacity":"","overlay-gradient":""}},"_jetpack_memberships_contains_paid_content":false,"footnotes":""},"categories":[63],"tags":[64],"class_list":["post-2996","post","type-post","status-publish","format-standard","has-post-thumbnail","hentry","category-sejamos-melhores-instrutores","tag-sejamos-melhores-instrutores-desta-semana"],"jetpack_featured_media_url":"https:\/\/comentariosparalareuniontj.com\/wp-content\/uploads\/2026\/04\/Diapositiva1-8.png","uagb_featured_image_src":{"full":["https:\/\/comentariosparalareuniontj.com\/wp-content\/uploads\/2026\/04\/Diapositiva1-8.png",1280,720,false],"thumbnail":["https:\/\/comentariosparalareuniontj.com\/wp-content\/uploads\/2026\/04\/Diapositiva1-8-150x150.png",150,150,true],"medium":["https:\/\/comentariosparalareuniontj.com\/wp-content\/uploads\/2026\/04\/Diapositiva1-8-300x169.png",300,169,true],"medium_large":["https:\/\/comentariosparalareuniontj.com\/wp-content\/uploads\/2026\/04\/Diapositiva1-8-768x432.png",768,432,true],"large":["https:\/\/comentariosparalareuniontj.com\/wp-content\/uploads\/2026\/04\/Diapositiva1-8-1024x576.png",1024,576,true],"1536x1536":["https:\/\/comentariosparalareuniontj.com\/wp-content\/uploads\/2026\/04\/Diapositiva1-8.png",1280,720,false],"2048x2048":["https:\/\/comentariosparalareuniontj.com\/wp-content\/uploads\/2026\/04\/Diapositiva1-8.png",1280,720,false],"ultp_layout_landscape_large":["https:\/\/comentariosparalareuniontj.com\/wp-content\/uploads\/2026\/04\/Diapositiva1-8-1200x720.png",1200,720,true],"ultp_layout_landscape":["https:\/\/comentariosparalareuniontj.com\/wp-content\/uploads\/2026\/04\/Diapositiva1-8-870x570.png",870,570,true],"ultp_layout_portrait":["https:\/\/comentariosparalareuniontj.com\/wp-content\/uploads\/2026\/04\/Diapositiva1-8-600x720.png",600,720,true],"ultp_layout_square":["https:\/\/comentariosparalareuniontj.com\/wp-content\/uploads\/2026\/04\/Diapositiva1-8-600x600.png",600,600,true],"woocommerce_thumbnail":["https:\/\/comentariosparalareuniontj.com\/wp-content\/uploads\/2026\/04\/Diapositiva1-8-300x300.png",300,300,true],"woocommerce_single":["https:\/\/comentariosparalareuniontj.com\/wp-content\/uploads\/2026\/04\/Diapositiva1-8-600x338.png",600,338,true],"woocommerce_gallery_thumbnail":["https:\/\/comentariosparalareuniontj.com\/wp-content\/uploads\/2026\/04\/Diapositiva1-8-100x100.png",100,100,true]},"uagb_author_info":{"display_name":"Hermana en la Fe","author_link":"https:\/\/comentariosparalareuniontj.com\/pt-br\/author\/hermana-en-la-fe\/"},"uagb_comment_info":0,"uagb_excerpt":"INICIE CONVERSAS Dura\u00e7\u00e3o: 3 minutosEm: De casa em casaObjetivo: Use um tratado para iniciar uma conversaLi\u00e7\u00e3o: Interesse sinceroTexto b\u00edblico: Mateus 19:4-6 Encena\u00e7\u00e3o Elena (Publicador(a)): Bom dia. Estamos fazendo visitas bem breves e hoje estamos deixando esta pergunta, que muitas pessoas acham muito importante: \u201cComo podemos ter uma fam\u00edlia feliz?\u201d. N\u00e3o vou tomar mais do que&hellip;","jetpack_sharing_enabled":true,"_links":{"self":[{"href":"https:\/\/comentariosparalareuniontj.com\/pt-br\/wp-json\/wp\/v2\/posts\/2996","targetHints":{"allow":["GET"]}}],"collection":[{"href":"https:\/\/comentariosparalareuniontj.com\/pt-br\/wp-json\/wp\/v2\/posts"}],"about":[{"href":"https:\/\/comentariosparalareuniontj.com\/pt-br\/wp-json\/wp\/v2\/types\/post"}],"author":[{"embeddable":true,"href":"https:\/\/comentariosparalareuniontj.com\/pt-br\/wp-json\/wp\/v2\/users\/2"}],"replies":[{"embeddable":true,"href":"https:\/\/comentariosparalareuniontj.com\/pt-br\/wp-json\/wp\/v2\/comments?post=2996"}],"version-history":[{"count":1,"href":"https:\/\/comentariosparalareuniontj.com\/pt-br\/wp-json\/wp\/v2\/posts\/2996\/revisions"}],"predecessor-version":[{"id":2997,"href":"https:\/\/comentariosparalareuniontj.com\/pt-br\/wp-json\/wp\/v2\/posts\/2996\/revisions\/2997"}],"wp:featuredmedia":[{"embeddable":true,"href":"https:\/\/comentariosparalareuniontj.com\/pt-br\/wp-json\/wp\/v2\/media\/2982"}],"wp:attachment":[{"href":"https:\/\/comentariosparalareuniontj.com\/pt-br\/wp-json\/wp\/v2\/media?parent=2996"}],"wp:term":[{"taxonomy":"category","embeddable":true,"href":"https:\/\/comentariosparalareuniontj.com\/pt-br\/wp-json\/wp\/v2\/categories?post=2996"},{"taxonomy":"post_tag","embeddable":true,"href":"https:\/\/comentariosparalareuniontj.com\/pt-br\/wp-json\/wp\/v2\/tags?post=2996"}],"curies":[{"name":"wp","href":"https:\/\/api.w.org\/{rel}","templated":true}]}}