{"id":3046,"date":"2026-04-26T23:33:06","date_gmt":"2026-04-26T23:33:06","guid":{"rendered":"https:\/\/comentariosparalareuniontj.com\/busquemos-perolas-escondidas-semana-de-27-de-abril-a-4-de-maio-de-2026\/"},"modified":"2026-04-27T08:12:47","modified_gmt":"2026-04-27T08:12:47","slug":"busquemos-perolas-escondidas-semana-de-27-de-abril-a-4-de-maio-de-2026","status":"publish","type":"post","link":"https:\/\/comentariosparalareuniontj.com\/pt-br\/busquemos-perolas-escondidas-semana-de-27-de-abril-a-4-de-maio-de-2026\/","title":{"rendered":"Busquemos P\u00e9rolas Escondidas Semana de 27 de Abril a 4 de Maio de 2026"},"content":{"rendered":"\n<figure class=\"wp-block-embed is-type-video is-provider-youtube wp-block-embed-youtube wp-embed-aspect-16-9 wp-has-aspect-ratio\"><div class=\"wp-block-embed__wrapper\">\n<iframe title=\"Busquemos Perlas Escondidas | Isa\u00edas 56 y 57 | Semana del 27 de abril al 4 de mayo de 2026\" width=\"500\" height=\"281\" src=\"https:\/\/www.youtube.com\/embed\/nurLBRWp3No?feature=oembed\" frameborder=\"0\" allow=\"accelerometer; autoplay; clipboard-write; encrypted-media; gyroscope; picture-in-picture; web-share\" referrerpolicy=\"strict-origin-when-cross-origin\" allowfullscreen><\/iframe>\n<\/div><\/figure>\n\n<p class=\"wp-block-paragraph\">A passagem b\u00edblica desta semana \u00e9 a de Isa\u00edas 56 e 57.<\/p>\n\n<p class=\"wp-block-paragraph\">A pergunta em destaque desta semana das p\u00e9rolas \u00e9:<\/p>\n\n<p class=\"wp-block-paragraph\">Como se cumpre esta profecia?<\/p>\n\n<p class=\"wp-block-paragraph\">Baseada em Isa\u00edas 56:6, 7:<\/p>\n\n<p class=\"wp-block-paragraph\">\u201cEn cuanto a los extranjeros que se unen a Jeov\u00e1 para servirle, para amar el nombre de Jeov\u00e1 y para ser sus siervos, todos los que respetan el s\u00e1bado y no lo profanan y que se aferran a mi pacto, yo los traer\u00e9 a mi santa monta\u00f1a y los llenar\u00e9 de alegr\u00eda en mi casa de oraci\u00f3n. Aceptar\u00e9 en mi altar sus ofrendas quemadas y sacrificios. Porque mi casa ser\u00e1 llamada casa de oraci\u00f3n para todos los pueblos\u201d.<\/p>\n\n<p class=\"wp-block-paragraph\">Coment\u00e1rio 1:<\/p>\n\n<p class=\"wp-block-paragraph\">Esta profec\u00eda se cumple hoy en las \u201cotras ovejas\u201d, personas de todas las naciones que se unen a Jeov\u00e1 para servirle. Aunque no forman parte del nuevo pacto, se aferran a \u00e9l apoyando fielmente todo lo que Jeov\u00e1 est\u00e1 haciendo mediante ese pacto.<\/p>\n\n<p class=\"wp-block-paragraph\">Coment\u00e1rio 2:<\/p>\n\n<p class=\"wp-block-paragraph\">Tambi\u00e9n se cumple porque Jeov\u00e1 ha reunido a cristianos ungidos y a sus compa\u00f1eros para adorarlo juntos en su \u201csanta monta\u00f1a\u201d, es decir, en su adoraci\u00f3n pura y elevada. Ya no se trata solo de una naci\u00f3n literal, sino de personas de todos los pueblos.<\/p>\n\n<p class=\"wp-block-paragraph\">Coment\u00e1rio 3:<\/p>\n\n<p class=\"wp-block-paragraph\">Se cumple adem\u00e1s en la \u201ccasa de oraci\u00f3n\u201d, el templo espiritual de Jeov\u00e1. All\u00ed todos sus siervos disfrutan del mismo alimento espiritual, de la misma ense\u00f1anza y del privilegio de acercarse a Jeov\u00e1 en adoraci\u00f3n limpia y santa.<\/p>\n\n<p class=\"wp-block-paragraph\">Coment\u00e1rio 4:<\/p>\n\n<p class=\"wp-block-paragraph\">Los \u201cextranjeros\u201d se aferran al pacto obedeciendo las leyes relacionadas con \u00e9l y cooperando con las disposiciones que dependen de ese pacto. Por eso apoyan con lealtad a los ungidos y participan con ellos en la predicaci\u00f3n y en hacer disc\u00edpulos.<\/p>\n\n<p class=\"wp-block-paragraph\">Coment\u00e1rio 5:<\/p>\n\n<p class=\"wp-block-paragraph\">Esta profec\u00eda tambi\u00e9n nos recuerda que la adoraci\u00f3n de Jeov\u00e1 es santa, pura y abierta a \u201ctodos los pueblos\u201d. Por eso, cuando asistimos a las reuniones y participamos en la adoraci\u00f3n, debemos hacerlo con respeto y aprecio por las cosas sagradas.<\/p>\n\n<p class=\"wp-block-paragraph\">P\u00e9rolas Escondidas de Isa\u00edas 56<\/p>\n\n<p class=\"wp-block-paragraph\">P\u00e9rola 1: (Isa\u00edas 56:1)<\/p>\n\n<p class=\"wp-block-paragraph\">\u201cEsto es lo que dice Jeov\u00e1: \u2018Defiendan la justicia y hagan lo que es recto, porque mi salvaci\u00f3n vendr\u00e1 pronto y mi rectitud ser\u00e1 revelada\u2019.\u201d<\/p>\n\n<p class=\"wp-block-paragraph\">Coment\u00e1rio:<\/p>\n\n<p class=\"wp-block-paragraph\">Gosto que Jeov\u00e1 n\u00e3o apenas nos diga que esperemos a sua salva\u00e7\u00e3o, mas que enquanto isso defendamos a justi\u00e7a e fa\u00e7amos o que \u00e9 correto. Ou seja, a esperan\u00e7a n\u00e3o nos torna passivos; nos impulsiona a viver bem agora.<\/p>\n\n<p class=\"wp-block-paragraph\">P\u00e9rola 2: (Isa\u00edas 56:2)<\/p>\n\n<p class=\"wp-block-paragraph\">\u201cFeliz el hombre que hace esto y el hijo del hombre que se aferra a ello, que respeta el s\u00e1bado y no lo profana, y que refrena su mano de todo tipo de maldad.\u201d<\/p>\n\n<p class=\"wp-block-paragraph\">Coment\u00e1rio:<\/p>\n\n<p class=\"wp-block-paragraph\">Este vers\u00edculo me lembra que a felicidade verdadeira n\u00e3o vem de fazer o que se quer, mas de se apegar ao que Jeov\u00e1 aprova. A obedi\u00eancia protege e d\u00e1 paz, embora \u00e0s vezes o mundo diga o contr\u00e1rio.<\/p>\n\n<p class=\"wp-block-paragraph\">P\u00e9rola 3: (Isa\u00edas 56:3)<\/p>\n\n<p class=\"wp-block-paragraph\">\u201cEl extranjero que se une a Jeov\u00e1 no debe decir: \u2018Seguro que Jeov\u00e1 me separar\u00e1 de su pueblo\u2019. Y el eunuco no debe decir: \u2018\u00a1Mira! Soy un \u00e1rbol seco\u2019\u201d.<\/p>\n\n<p class=\"wp-block-paragraph\">Coment\u00e1rio:<\/p>\n\n<p class=\"wp-block-paragraph\">Que bonito ver que Jeov\u00e1 n\u00e3o queria que ningu\u00e9m sincero se sentisse exclu\u00eddo. \u00c0s vezes uma pessoa pode pensar que n\u00e3o vale ou que n\u00e3o se encaixa, mas Jeov\u00e1 v\u00ea al\u00e9m disso e abre a porta para quem realmente quer se aproximar dele.<\/p>\n\n<p class=\"wp-block-paragraph\">P\u00e9rola 4: (Isa\u00edas 56:4, 5)<\/p>\n\n<p class=\"wp-block-paragraph\">\u201cPorque esto es lo que dice Jeov\u00e1: \u2018A los eunucos que respetan mis s\u00e1bados, que eligen hacer lo que a m\u00ed me complace y se aferran a mi pacto, yo les dar\u00e9 en mi casa y dentro de mis murallas un monumento y un nombre, algo mejor que hijos e hijas. Les dar\u00e9 un nombre eterno, un nombre que no desaparecer\u00e1\u2019.\u201d<\/p>\n\n<p class=\"wp-block-paragraph\">Coment\u00e1rio:<\/p>\n\n<p class=\"wp-block-paragraph\">Me conmueve mucho que Jeov\u00e1 prometa \u201cun nombre eterno\u201d a personas que tal vez se sent\u00edan limitadas o incompletas. Eso ense\u00f1a que el valor que Jeov\u00e1 da no depende de circunstancias humanas, sino de la fidelidad.<\/p>\n\n<p class=\"wp-block-paragraph\">P\u00e9rola 5: (Isa\u00edas 56:6, 7)<\/p>\n\n<p class=\"wp-block-paragraph\">\u201cEn cuanto a los extranjeros que se unen a Jeov\u00e1 para servirle, para amar el nombre de Jeov\u00e1 y para ser sus siervos, todos los que respetan el s\u00e1bado y no lo profanan y que se aferran a mi pacto, yo los traer\u00e9 a mi santa monta\u00f1a y los llenar\u00e9 de alegr\u00eda en mi casa de oraci\u00f3n. Aceptar\u00e9 en mi altar sus ofrendas quemadas y sacrificios. Porque mi casa ser\u00e1 llamada casa de oraci\u00f3n para todos los pueblos\u201d.\u201d<\/p>\n\n<p class=\"wp-block-paragraph\">Coment\u00e1rio:<\/p>\n\n<p class=\"wp-block-paragraph\">Este texto me encanta porque mostra o cora\u00e7\u00e3o generoso de Jeov\u00e1. Sua adora\u00e7\u00e3o n\u00e3o est\u00e1 fechada a um grupo pequeno. Ele quer reunir pessoas de todos os povos e ench\u00ea-las de alegria em sua casa de ora\u00e7\u00e3o.<\/p>\n\n<p class=\"wp-block-paragraph\">P\u00e9rola 6: (Isa\u00edas 56:8)<\/p>\n\n<p class=\"wp-block-paragraph\">\u201cEl Se\u00f1or Soberano Jeov\u00e1, que est\u00e1 juntando a los dispersados de Israel, afirma: \u2018Adem\u00e1s de los ya juntados, har\u00e9 que se les unan otros\u2019.\u201d<\/p>\n\n<p class=\"wp-block-paragraph\">Coment\u00e1rio:<\/p>\n\n<p class=\"wp-block-paragraph\">Jeov\u00e1 nunca se queda corto en sus prop\u00f3sitos. Cuando parece que ya ha reunido a muchos, todav\u00eda dice: \u201char\u00e9 que se les unan otros\u201d. Eso anima mucho en la predicaci\u00f3n, porque demuestra que Jeov\u00e1 sigue atrayendo a m\u00e1s personas.<\/p>\n\n<p class=\"wp-block-paragraph\">P\u00e9rola 7: (Isa\u00edas 56:10)<\/p>\n\n<p class=\"wp-block-paragraph\">\u201cLos centinelas de \u00e9l son ciegos, ninguno se ha dado cuenta de nada. Todos ellos son perros mudos, no pueden ladrar. Jadean y est\u00e1n echados; les encanta dormir.\u201d<\/p>\n\n<p class=\"wp-block-paragraph\">Coment\u00e1rio:<\/p>\n\n<p class=\"wp-block-paragraph\">Que s\u00e9ria advert\u00eancia. Uma sentinela que n\u00e3o v\u00ea nem avisa n\u00e3o cumpre sua fun\u00e7\u00e3o. Isso me faz pensar em como \u00e9 importante estar espiritualmente despertos e n\u00e3o nos relaxarmos quando h\u00e1 responsabilidades a cumprir.<\/p>\n\n<p class=\"wp-block-paragraph\">P\u00e9rola 8: (Isa\u00edas 56:11)<\/p>\n\n<p class=\"wp-block-paragraph\">\u201cSon perros que tienen un apetito voraz; nunca est\u00e1n satisfechos. Son pastores que no entienden nada. Cada uno se ha ido por su lado; todos sin excepci\u00f3n buscan su propia ganancia deshonesta.\u201d<\/p>\n\n<p class=\"wp-block-paragraph\">Coment\u00e1rio:<\/p>\n\n<p class=\"wp-block-paragraph\">Este vers\u00edculo mostra o qu\u00e3o perigoso \u00e9 o ego\u00edsmo em algu\u00e9m que deveria cuidar dos outros. Quando uma pessoa busca seu pr\u00f3prio benef\u00edcio em vez do bem do rebanho, deixa de se parecer com Jeov\u00e1 e come\u00e7a a causar muito dano.<\/p>\n\n<p class=\"wp-block-paragraph\">P\u00e9rola 9: (Isa\u00edas 56:12)<\/p>\n\n<p class=\"wp-block-paragraph\">\u201c\u2018Vengan, voy a buscar vino, bebamos alcohol hasta hartarnos. \u00a1Y ma\u00f1ana ser\u00e1 igual que hoy, solo que mucho mejor!\u2019.\u201d<\/p>\n\n<p class=\"wp-block-paragraph\">Coment\u00e1rio:<\/p>\n\n<p class=\"wp-block-paragraph\">Chama minha aten\u00e7\u00e3o essa falsa confian\u00e7a. \u00c9 a atitude de quem vive para o prazer imediato e acredita que sempre haver\u00e1 um amanh\u00e3 igual. Jeov\u00e1 nos ensina a n\u00e3o viver adormecidos nem confiantes em um conforto enganoso.<\/p>\n\n<p class=\"wp-block-paragraph\">P\u00e9rola 10: (Isa\u00edas 56:1-2)<\/p>\n\n<p class=\"wp-block-paragraph\">\u201cEsto es lo que dice Jeov\u00e1: \u2018Defiendan la justicia y hagan lo que es recto, porque mi salvaci\u00f3n vendr\u00e1 pronto y mi rectitud ser\u00e1 revelada. Feliz el hombre que hace esto y el hijo del hombre que se aferra a ello, que respeta el s\u00e1bado y no lo profana, y que refrena su mano de todo tipo de maldad\u2019.\u201d<\/p>\n\n<p class=\"wp-block-paragraph\">Coment\u00e1rio:<\/p>\n\n<p class=\"wp-block-paragraph\">Estes vers\u00edculos resumem muito bem o que Jeov\u00e1 espera: justi\u00e7a, retid\u00e3o e controle sobre a maldade. Gosto porque mostra que a esperan\u00e7a na salva\u00e7\u00e3o futura est\u00e1 unida a uma conduta limpa no presente.<\/p>\n\n<p class=\"wp-block-paragraph\">P\u00e9rolas Escondidas de Isa\u00edas 57<\/p>\n\n<p class=\"wp-block-paragraph\">P\u00e9rola 1: (Isa\u00edas 57:1, 2)<\/p>\n\n<p class=\"wp-block-paragraph\">\u201cEl justo ha perecido, pero a nadie le importa. Los hombres leales son llevados a la muerte, pero nadie se da cuenta de que el justo ha sido llevado debido a la calamidad. \u00c9l entra en la paz. Todos los que andan con rectitud descansan en sus camas.\u201d<\/p>\n\n<p class=\"wp-block-paragraph\">Coment\u00e1rio:<\/p>\n\n<p class=\"wp-block-paragraph\">Estos vers\u00edculos consuelan mucho. A veces parece que la muerte de una persona fiel pasa desapercibida, pero Jeov\u00e1 s\u00ed entiende lo que hay detr\u00e1s. Y lo m\u00e1s bonito es que dice que el justo \u201centra en la paz\u201d.<\/p>\n\n<p class=\"wp-block-paragraph\">P\u00e9rola 2: (Isa\u00edas 57:10)<\/p>\n\n<p class=\"wp-block-paragraph\">\u201cTe agotaste siguiendo tus muchos caminos, pero nunca dijiste \u2018\u00a1Es in\u00fatil!\u2019. Recuperaste las fuerzas. Por eso no te rindes.\u201d<\/p>\n\n<p class=\"wp-block-paragraph\">Coment\u00e1rio:<\/p>\n\n<p class=\"wp-block-paragraph\">Este vers\u00edculo faz pensar: uma pessoa pode se cansar muito perseguindo maus caminhos e ainda assim continuar insistindo. Isso me lembra que o ser humano pode mostrar muita const\u00e2ncia&#8230; mas na dire\u00e7\u00e3o errada. Melhor gastar for\u00e7as no que Jeov\u00e1 aprova.<\/p>\n\n<p class=\"wp-block-paragraph\">P\u00e9rola 3: (Isa\u00edas 57:11)<\/p>\n\n<p class=\"wp-block-paragraph\">\u201c\u00bfDe qui\u00e9n tuviste tanto miedo y terror que te pusiste a mentir? No te acordaste de m\u00ed. No te import\u00f3 nada. \u00bfNo me he mantenido yo en silencio y al margen? Por eso no has mostrado ning\u00fan temor de m\u00ed.\u201d<\/p>\n\n<p class=\"wp-block-paragraph\">Coment\u00e1rio:<\/p>\n\n<p class=\"wp-block-paragraph\">Impressiona-me como Jeov\u00e1 descobre a raiz do problema: o medo do homem havia substitu\u00eddo o temor a Deus. Isso me faz examinar a mim mesmo. A quem estou dando mais peso nas minhas decis\u00f5es: a Jeov\u00e1 ou \u00e0 press\u00e3o humana?<\/p>\n\n<p class=\"wp-block-paragraph\">P\u00e9rola 4: (Isa\u00edas 57:13)<\/p>\n\n<p class=\"wp-block-paragraph\">\u201cCuando grites por ayuda, tu colecci\u00f3n de \u00eddolos no te salvar\u00e1. Un viento se los llevar\u00e1 a todos, un simple soplo se los llevar\u00e1, pero el que se refugia en m\u00ed heredar\u00e1 esta tierra y tomar\u00e1 posesi\u00f3n de mi santa monta\u00f1a.\u201d<\/p>\n\n<p class=\"wp-block-paragraph\">Coment\u00e1rio:<\/p>\n\n<p class=\"wp-block-paragraph\">Que contraste t\u00e3o claro. Os \u00eddolos, ou qualquer falso ref\u00fagio, desaparecem com um sopro. Mas quem se refugia em Jeov\u00e1 sai ganhando de verdade. Isso me ajuda a rever em que estou depositando minha seguran\u00e7a.<\/p>\n\n<p class=\"wp-block-paragraph\">P\u00e9rola 5: (Isa\u00edas 57:14)<\/p>\n\n<p class=\"wp-block-paragraph\">\u201cSe dir\u00e1: \u2018\u00a1Construyan, construyan un camino! \u00a1Preparen el camino! Quiten del camino de mi pueblo todos los obst\u00e1culos\u2019.\u201d<\/p>\n\n<p class=\"wp-block-paragraph\">Coment\u00e1rio:<\/p>\n\n<p class=\"wp-block-paragraph\">Gosto muito que Jeov\u00e1 n\u00e3o apenas convida seu povo a avan\u00e7ar, mas tamb\u00e9m ordena que se removam obst\u00e1culos. Isso me ensina que, se posso tornar o caminho espiritual dos outros mais f\u00e1cil, com meu apoio ou minha atitude, deveria faz\u00ea-lo.<\/p>\n\n<p class=\"wp-block-paragraph\">P\u00e9rola 6: (Isa\u00edas 57:15)<\/p>\n\n<p class=\"wp-block-paragraph\">\u201cPorque esto es lo que dice el Alto y Excelso, que vive para siempre y cuyo nombre es santo: \u2018Yo vivo en el lugar alto y santo, pero tambi\u00e9n con los aplastados y los de esp\u00edritu humilde, para revivir el esp\u00edritu de los humildes y para revivir el coraz\u00f3n de los aplastados\u2019.\u201d<\/p>\n\n<p class=\"wp-block-paragraph\">Coment\u00e1rio:<\/p>\n\n<p class=\"wp-block-paragraph\">Este \u00e9 um dos textos mais ternos do cap\u00edtulo. Jeov\u00e1 \u00e9 Alto e Excelso, mas tamb\u00e9m est\u00e1 com os humildes e oprimidos. Encanta-me porque demonstra que sua grandeza n\u00e3o o afasta; ao contr\u00e1rio, o move a se aproximar.<\/p>\n\n<p class=\"wp-block-paragraph\">P\u00e9rola 7: (Isa\u00edas 57:16)<\/p>\n\n<p class=\"wp-block-paragraph\">\u201cPorque no estar\u00e9 en contra de ellos para siempre, ni estar\u00e9 siempre indignado; de ser as\u00ed, el esp\u00edritu del hombre desfallecer\u00eda a causa de m\u00ed, s\u00ed, desfallecer\u00edan las criaturas que respiran y que yo he creado.\u201d<\/p>\n\n<p class=\"wp-block-paragraph\">Coment\u00e1rio:<\/p>\n\n<p class=\"wp-block-paragraph\">Que bonito ver que Jeov\u00e1 conhece nossos limites. Ele n\u00e3o corrige sem medida nem mant\u00e9m sua indigna\u00e7\u00e3o para sempre. Sabe quanto podemos suportar e age com compaix\u00e3o, n\u00e3o com dureza intermin\u00e1vel.<\/p>\n\n<p class=\"wp-block-paragraph\">P\u00e9rola 8: (Isa\u00edas 57:18)<\/p>\n\n<p class=\"wp-block-paragraph\">\u201cHe visto su conducta, pero lo sanar\u00e9 y lo guiar\u00e9 y volver\u00e9 a darle consuelo a \u00e9l y a los que est\u00e1n de duelo con \u00e9l\u201d.\u201d<\/p>\n\n<p class=\"wp-block-paragraph\">Coment\u00e1rio:<\/p>\n\n<p class=\"wp-block-paragraph\">Este vers\u00edculo me comove muito. Jeov\u00e1 v\u00ea a m\u00e1 conduta, sim, mas n\u00e3o fica s\u00f3 nisso. Tamb\u00e9m fala em sanar, guiar e consolar. Isso demonstra que lhe interessa recuperar a pessoa, n\u00e3o apenas apontar seu erro.<\/p>\n\n<p class=\"wp-block-paragraph\">P\u00e9rola 9: (Isa\u00edas 57:19)<\/p>\n\n<p class=\"wp-block-paragraph\">\u201cEstoy creando el fruto de los labios. Tanto el que est\u00e1 lejos como el que est\u00e1 cerca recibir\u00e1n una paz constante \u2014dice Jeov\u00e1\u2014, y yo los sanar\u00e9\u201d.\u201d<\/p>\n\n<p class=\"wp-block-paragraph\">Coment\u00e1rio:<\/p>\n\n<p class=\"wp-block-paragraph\">Me da mucha paz leer que Jeov\u00e1 ofrece \u201cuna paz constante\u201d tanto al que est\u00e1 lejos como al que est\u00e1 cerca. Eso me recuerda que nadie est\u00e1 demasiado lejos para ser sanado si responde bien a Jeov\u00e1.<\/p>\n\n<p class=\"wp-block-paragraph\">P\u00e9rola 10: (Isa\u00edas 57:20, 21)<\/p>\n\n<p class=\"wp-block-paragraph\">\u201cPero los malvados son como el mar agitado que no puede calmarse, cuyas aguas siguen arrojando algas y fango. \u2018No hay paz para los malvados\u2019, dice mi Dios.\u201d<\/p>\n\n<p class=\"wp-block-paragraph\">Coment\u00e1rio:<\/p>\n\n<p class=\"wp-block-paragraph\">A imagem do mar agitado \u00e9 muito gr\u00e1fica. Pode parecer forte, mas nunca est\u00e1 em paz. Assim \u00e9 a vida longe de Jeov\u00e1. Este final me lembra que a paz verdadeira n\u00e3o depende das circunst\u00e2ncias, mas do relacionamento que se tem com Deus.<\/p>\n","protected":false},"excerpt":{"rendered":"<p>A passagem b\u00edblica desta semana \u00e9 a de Isa\u00edas 56 e 57. A pergunta em destaque desta semana das p\u00e9rolas \u00e9: Como se cumpre esta profecia? Baseada em Isa\u00edas 56:6, 7: \u201cEn cuanto a los extranjeros que se unen a Jeov\u00e1 para servirle, para amar el nombre de Jeov\u00e1 y para ser sus siervos, todos [&hellip;]<\/p>\n","protected":false},"author":2,"featured_media":3016,"comment_status":"open","ping_status":"open","sticky":false,"template":"","format":"standard","meta":{"_crdt_document":"","_uag_custom_page_level_css":"","site-sidebar-layout":"default","site-content-layout":"","ast-site-content-layout":"default","site-content-style":"default","site-sidebar-style":"default","ast-global-header-display":"","ast-banner-title-visibility":"","ast-main-header-display":"","ast-hfb-above-header-display":"","ast-hfb-below-header-display":"","ast-hfb-mobile-header-display":"","site-post-title":"","ast-breadcrumbs-content":"","ast-featured-img":"","footer-sml-layout":"","ast-disable-related-posts":"","theme-transparent-header-meta":"","adv-header-id-meta":"","stick-header-meta":"","header-above-stick-meta":"","header-main-stick-meta":"","header-below-stick-meta":"","astra-migrate-meta-layouts":"default","ast-page-background-enabled":"default","ast-page-background-meta":{"desktop":{"background-color":"","background-image":"","background-repeat":"repeat","background-position":"center center","background-size":"auto","background-attachment":"scroll","background-type":"","background-media":"","overlay-type":"","overlay-color":"","overlay-opacity":"","overlay-gradient":""},"tablet":{"background-color":"","background-image":"","background-repeat":"repeat","background-position":"center center","background-size":"auto","background-attachment":"scroll","background-type":"","background-media":"","overlay-type":"","overlay-color":"","overlay-opacity":"","overlay-gradient":""},"mobile":{"background-color":"","background-image":"","background-repeat":"repeat","background-position":"center center","background-size":"auto","background-attachment":"scroll","background-type":"","background-media":"","overlay-type":"","overlay-color":"","overlay-opacity":"","overlay-gradient":""}},"ast-content-background-meta":{"desktop":{"background-color":"var(--ast-global-color-5)","background-image":"","background-repeat":"repeat","background-position":"center center","background-size":"auto","background-attachment":"scroll","background-type":"","background-media":"","overlay-type":"","overlay-color":"","overlay-opacity":"","overlay-gradient":""},"tablet":{"background-color":"var(--ast-global-color-5)","background-image":"","background-repeat":"repeat","background-position":"center center","background-size":"auto","background-attachment":"scroll","background-type":"","background-media":"","overlay-type":"","overlay-color":"","overlay-opacity":"","overlay-gradient":""},"mobile":{"background-color":"var(--ast-global-color-5)","background-image":"","background-repeat":"repeat","background-position":"center center","background-size":"auto","background-attachment":"scroll","background-type":"","background-media":"","overlay-type":"","overlay-color":"","overlay-opacity":"","overlay-gradient":""}},"_jetpack_memberships_contains_paid_content":false,"footnotes":""},"categories":[57],"tags":[75],"class_list":["post-3046","post","type-post","status-publish","format-standard","has-post-thumbnail","hentry","category-joiasespirituais","tag-vamos-em-busca-de-joias-escondidas-desta-semana"],"jetpack_featured_media_url":"https:\/\/comentariosparalareuniontj.com\/wp-content\/uploads\/2026\/04\/busquemos-perlas-escondidas-isaias-56-57-semana-27-abril-4-mayo-2026.png","uagb_featured_image_src":{"full":["https:\/\/comentariosparalareuniontj.com\/wp-content\/uploads\/2026\/04\/busquemos-perlas-escondidas-isaias-56-57-semana-27-abril-4-mayo-2026.png",1280,720,false],"thumbnail":["https:\/\/comentariosparalareuniontj.com\/wp-content\/uploads\/2026\/04\/busquemos-perlas-escondidas-isaias-56-57-semana-27-abril-4-mayo-2026-150x150.png",150,150,true],"medium":["https:\/\/comentariosparalareuniontj.com\/wp-content\/uploads\/2026\/04\/busquemos-perlas-escondidas-isaias-56-57-semana-27-abril-4-mayo-2026-300x169.png",300,169,true],"medium_large":["https:\/\/comentariosparalareuniontj.com\/wp-content\/uploads\/2026\/04\/busquemos-perlas-escondidas-isaias-56-57-semana-27-abril-4-mayo-2026-768x432.png",768,432,true],"large":["https:\/\/comentariosparalareuniontj.com\/wp-content\/uploads\/2026\/04\/busquemos-perlas-escondidas-isaias-56-57-semana-27-abril-4-mayo-2026-1024x576.png",1024,576,true],"1536x1536":["https:\/\/comentariosparalareuniontj.com\/wp-content\/uploads\/2026\/04\/busquemos-perlas-escondidas-isaias-56-57-semana-27-abril-4-mayo-2026.png",1280,720,false],"2048x2048":["https:\/\/comentariosparalareuniontj.com\/wp-content\/uploads\/2026\/04\/busquemos-perlas-escondidas-isaias-56-57-semana-27-abril-4-mayo-2026.png",1280,720,false],"ultp_layout_landscape_large":["https:\/\/comentariosparalareuniontj.com\/wp-content\/uploads\/2026\/04\/busquemos-perlas-escondidas-isaias-56-57-semana-27-abril-4-mayo-2026-1200x720.png",1200,720,true],"ultp_layout_landscape":["https:\/\/comentariosparalareuniontj.com\/wp-content\/uploads\/2026\/04\/busquemos-perlas-escondidas-isaias-56-57-semana-27-abril-4-mayo-2026-870x570.png",870,570,true],"ultp_layout_portrait":["https:\/\/comentariosparalareuniontj.com\/wp-content\/uploads\/2026\/04\/busquemos-perlas-escondidas-isaias-56-57-semana-27-abril-4-mayo-2026-600x720.png",600,720,true],"ultp_layout_square":["https:\/\/comentariosparalareuniontj.com\/wp-content\/uploads\/2026\/04\/busquemos-perlas-escondidas-isaias-56-57-semana-27-abril-4-mayo-2026-600x600.png",600,600,true],"woocommerce_thumbnail":["https:\/\/comentariosparalareuniontj.com\/wp-content\/uploads\/2026\/04\/busquemos-perlas-escondidas-isaias-56-57-semana-27-abril-4-mayo-2026-300x300.png",300,300,true],"woocommerce_single":["https:\/\/comentariosparalareuniontj.com\/wp-content\/uploads\/2026\/04\/busquemos-perlas-escondidas-isaias-56-57-semana-27-abril-4-mayo-2026-600x338.png",600,338,true],"woocommerce_gallery_thumbnail":["https:\/\/comentariosparalareuniontj.com\/wp-content\/uploads\/2026\/04\/busquemos-perlas-escondidas-isaias-56-57-semana-27-abril-4-mayo-2026-100x100.png",100,100,true]},"uagb_author_info":{"display_name":"Hermana en la Fe","author_link":"https:\/\/comentariosparalareuniontj.com\/pt-br\/author\/hermana-en-la-fe\/"},"uagb_comment_info":0,"uagb_excerpt":"A passagem b\u00edblica desta semana \u00e9 a de Isa\u00edas 56 e 57. A pergunta em destaque desta semana das p\u00e9rolas \u00e9: Como se cumpre esta profecia? Baseada em Isa\u00edas 56:6, 7: \u201cEn cuanto a los extranjeros que se unen a Jeov\u00e1 para servirle, para amar el nombre de Jeov\u00e1 y para ser sus siervos, todos&hellip;","jetpack_sharing_enabled":true,"_links":{"self":[{"href":"https:\/\/comentariosparalareuniontj.com\/pt-br\/wp-json\/wp\/v2\/posts\/3046","targetHints":{"allow":["GET"]}}],"collection":[{"href":"https:\/\/comentariosparalareuniontj.com\/pt-br\/wp-json\/wp\/v2\/posts"}],"about":[{"href":"https:\/\/comentariosparalareuniontj.com\/pt-br\/wp-json\/wp\/v2\/types\/post"}],"author":[{"embeddable":true,"href":"https:\/\/comentariosparalareuniontj.com\/pt-br\/wp-json\/wp\/v2\/users\/2"}],"replies":[{"embeddable":true,"href":"https:\/\/comentariosparalareuniontj.com\/pt-br\/wp-json\/wp\/v2\/comments?post=3046"}],"version-history":[{"count":1,"href":"https:\/\/comentariosparalareuniontj.com\/pt-br\/wp-json\/wp\/v2\/posts\/3046\/revisions"}],"predecessor-version":[{"id":3047,"href":"https:\/\/comentariosparalareuniontj.com\/pt-br\/wp-json\/wp\/v2\/posts\/3046\/revisions\/3047"}],"wp:featuredmedia":[{"embeddable":true,"href":"https:\/\/comentariosparalareuniontj.com\/pt-br\/wp-json\/wp\/v2\/media\/3016"}],"wp:attachment":[{"href":"https:\/\/comentariosparalareuniontj.com\/pt-br\/wp-json\/wp\/v2\/media?parent=3046"}],"wp:term":[{"taxonomy":"category","embeddable":true,"href":"https:\/\/comentariosparalareuniontj.com\/pt-br\/wp-json\/wp\/v2\/categories?post=3046"},{"taxonomy":"post_tag","embeddable":true,"href":"https:\/\/comentariosparalareuniontj.com\/pt-br\/wp-json\/wp\/v2\/tags?post=3046"}],"curies":[{"name":"wp","href":"https:\/\/api.w.org\/{rel}","templated":true}]}}